{"id":773,"date":"2022-12-12T11:18:03","date_gmt":"2022-12-12T11:18:03","guid":{"rendered":"https:\/\/wroclawskaszkolaspiewu.pl\/?p=773"},"modified":"2022-12-12T11:18:03","modified_gmt":"2022-12-12T11:18:03","slug":"o-spiewaniu-o-edukacji-o-milosci-o-poszukiwaniu-wywiad-anny-kaminskiej-z-patrycja-obara","status":"publish","type":"post","link":"https:\/\/wroclawskaszkolaspiewu.pl\/index.php\/2022\/12\/12\/o-spiewaniu-o-edukacji-o-milosci-o-poszukiwaniu-wywiad-anny-kaminskiej-z-patrycja-obara\/","title":{"rendered":"O \u015bpiewaniu, o edukacji, o mi\u0142o\u015bci, o poszukiwaniu &#8211; wywiad Anny Kami\u0144skiej z Patrycj\u0105 Obar\u0105"},"content":{"rendered":"\n<figure class=\"wp-block-image size-large\"><img loading=\"lazy\" decoding=\"async\" width=\"1024\" height=\"1024\" src=\"https:\/\/wroclawskaszkolaspiewu.pl\/wp-content\/uploads\/2022\/12\/318190756_524296503074751_8243787331022244078_n-1024x1024.png\" alt=\"\" class=\"wp-image-774\" srcset=\"https:\/\/wroclawskaszkolaspiewu.pl\/wp-content\/uploads\/2022\/12\/318190756_524296503074751_8243787331022244078_n-1024x1024.png 1024w, https:\/\/wroclawskaszkolaspiewu.pl\/wp-content\/uploads\/2022\/12\/318190756_524296503074751_8243787331022244078_n-300x300.png 300w, https:\/\/wroclawskaszkolaspiewu.pl\/wp-content\/uploads\/2022\/12\/318190756_524296503074751_8243787331022244078_n-150x150.png 150w, https:\/\/wroclawskaszkolaspiewu.pl\/wp-content\/uploads\/2022\/12\/318190756_524296503074751_8243787331022244078_n-768x768.png 768w, https:\/\/wroclawskaszkolaspiewu.pl\/wp-content\/uploads\/2022\/12\/318190756_524296503074751_8243787331022244078_n-100x100.png 100w, https:\/\/wroclawskaszkolaspiewu.pl\/wp-content\/uploads\/2022\/12\/318190756_524296503074751_8243787331022244078_n.png 1080w\" sizes=\"(max-width: 767px) 89vw, (max-width: 1000px) 54vw, (max-width: 1071px) 543px, 580px\" \/><\/figure>\n\n\n\n<h3 class=\"wp-block-heading\">&#8211; <strong>rozmowa Anny Kami\u0144skiej z Patrycj\u0105 Obar\u0105 \u2013 wokalistk\u0105, songwriterk\u0105 i certyfikowan\u0105 Trenerk\u0105 wokaln\u0105 Modern Vocal Training, za\u0142o\u017cycielk\u0105 Wroc\u0142awskiej Szko\u0142y \u015apiewu<\/strong>\u00a0<\/h3>\n\n\n\n<h5 class=\"wp-block-heading\" id=\"block-dc759291-98bd-428a-8031-00f4a7c99f52\"><strong>Cz\u0119\u015b\u0107 pierwsza \u2013 wokalne pocz\u0105tki.<\/strong>&nbsp;<br><strong>(wywiad z zosta\u0142 przeprowadzony 11 lutego 2019 roku).<\/strong>&nbsp;<\/h5>\n\n\n\n<p><\/p>\n\n\n\n<p><strong>Czy \u015bpiewac\u0301 ka\u017cdy mo\u017ce?\u00a0<\/strong>\u00a0<\/p>\n\n\n\n<p>Oczywi\u015bcie. \u015apiew jest ruchem &#8211; czynno\u015bcia\u0328 motoryczn\u0105, czyli wykonywan\u0105 przez r\u00f3\u017cne struktury naszego cia\u0142a. Co oznacza r\u00f3wnie\u017c, \u017ce t\u0119&nbsp;umiej\u0119tno\u015bc\u0301 mo\u017cemy rozwin\u0105c\u0301, je\u017celi b\u0119dziemy odpowiednio pracowac\u0301 nad mi\u0119\u015bniami, kt\u00f3re uczestnicza\u0328 w procesie \u015bpiewania. Systematyczny trening sprawi, \u017ce stana\u0328 sie\u0328 bardziej elastyczne, wytrzyma\u0142e, sprawne, czyli b\u0119dziemy robic\u0301 post\u0119py.&nbsp;&nbsp;<\/p>\n\n\n\n<p><strong>Sk\u0105d \u015bpiew wzi\u0105\u0142 sie\u0328 w twoim \u017cyciu?&nbsp;<\/strong>&nbsp;<\/p>\n\n\n\n<p>Nie wiem, chyba z g\u0142\u0119bokiego dzieci\u0144stwa. Moja mama \u015bpiewa\u0142a, m\u00f3j tata \u015bpiewa\u0142, chociaz\u0307 nie zdobyli wykszta\u0142cenia muzycznego. Oboje grali na gitarze. Mieli\u015bmy zwyczaj, \u017ce gdy jacys\u0301 go\u015bcie przychodzili, to u nas nie s\u0142ucha\u0142o sie\u0328 muzyki z p\u0142yt, tylko w kt\u00f3ryms\u0301 momencie mama po prostu zaczyna\u0142a \u015bpiewac\u0301, tata sie\u0328 do niej do\u0142\u0105cza\u0142, a ja w pokoju obok pr\u00f3bowa\u0142am spac\u0301 i strasznie sie\u0328 denerwowa\u0142am, \u017ce na drugi dzien\u0301 szko\u0142a. Potem, maj\u0105c na\u015bcie lat, stwierdzi\u0142am, \u017ce jak mam le\u017cec\u0301 i sie\u0328 irytowac\u0301, to po prostu p\u00f3jde\u0328 sobie z nimi pomuzykowac\u0301. Jeszcze jako ma\u0142a dziewczynka, gdy mnie pytano o to, kim chc\u0119 byc\u0301, jak dorosne\u0328, m\u00f3wi\u0142am, \u017ce piosenkark\u0105. Niestety, jakis\u0301 czas p\u00f3\u017aniej wybito mi to marzenie z g\u0142owy, m\u00f3wi\u0105c, \u017ce mam polipy w nosie. Tak mi powiedzia\u0142 tata kolegi.&nbsp;&nbsp;<\/p>\n\n\n\n<p><strong>Lekarz?&nbsp;<\/strong>&nbsp;<\/p>\n\n\n\n<p>Nie. Po prostu mia\u0142am przewlek\u0142e zapalenie zatok, a on mi powiedzia\u0142: \u201eNigdy nie b\u0119dziesz \u015bpiewac\u0301\u201d. To mnie przyblokowa\u0142o. Na prawie osiem lat. Wcze\u015bniej mia\u0142am tak\u0105 ulubion\u0105 zabaw\u0119, \u017ce na magnetofonie nagrywa\u0142am sobie sama w\u0142asne audycje &#8211; co\u015b tam opowiada\u0142am, co\u015b \u015bpiewa\u0142am. Po tym komentarzu przesta\u0142am to robi\u0107. Ponowne, nie\u015bmia\u0142e pr\u00f3by zacz\u0119\u0142am dopiero jako nastolatka, bo ta potrzeba zawsze gdzies\u0301 we mnie by\u0142a. Patrzy\u0142am na mame\u0328 z podziwem, dla mnie jej \u015bpiewanie by\u0142o najwspanialsze i ja te\u017c tak chcia\u0142am. Chcia\u0142am byc\u0301 taka jak ona. Nigdy sie\u0328 nie szkoli\u0142a, ale g\u0142os mia\u0142a wybitny. Ludzie por\u00f3wnywali j\u0105 do Gra\u017cyny \u0141obaszewskiej. A ona tak po prostu \u015bpiewa\u0142a przy zmywaniu naczyn\u0301. Wi\u0119c chyba ta potrzeba narodzi\u0142a sie\u0328 z pragnienia, \u017ceby byc\u0301 jak mama.&nbsp;&nbsp;<\/p>\n\n\n\n<p><strong>Przestraszy\u0142as\u0301 sie\u0328 o swoje zdrowie?&nbsp;<\/strong>&nbsp;<\/p>\n\n\n\n<p>Ja po prostu temu panu tak jak dziecko uwierzy\u0142am. Uzna\u0142am, \u017ce skoro doros\u0142y mi co\u015b m\u00f3wi, to na pewno wie, co m\u00f3wi. Rozumia\u0142am, \u017ce choruj\u0119, ale maj\u0105c 7 lat nie potrafi\u0142am odr\u00f3\u017cnic\u0301, czy to sa\u0328 polipy czy zatoki.&nbsp;&nbsp;<\/p>\n\n\n\n<p><strong>Czy ten pan s\u0142ysza\u0142, jak \u015bpiewasz?&nbsp;<\/strong>&nbsp;<\/p>\n\n\n\n<p>Nie, on po prostu stwierdzi\u0142, \u017ce ca\u0142y czas m\u00f3wie\u0328 z zatkanym nosem, wi\u0119c nie moge\u0328 \u015bpiewac\u0301, bo b\u0119de\u0328 brzydko brzmia\u0142a. W og\u00f3le tam p\u00f3\u017aniej posz\u0142a ostra krytyka. Tak. To rzeczywi\u015bcie mnie przyblokowa\u0142o. Mia\u0142am te\u017c w podstaw\u00f3wce nauczyciela muzyki, kt\u00f3ry nie dba\u0142 o nasz\u0105 edukacj\u0119 muzyczn\u0105, tak mocno jak o religijn\u0105&#8230;&nbsp;&nbsp;<\/p>\n\n\n\n<p><strong>Nauczyciel muzyki, nie religii?&nbsp;<\/strong>&nbsp;<\/p>\n\n\n\n<p>Tak. \u015apiewali\u015bmy psalmy, Bogurodzic\u0119 i modlili\u015bmy sie\u0328 na ka\u017cdej lekcji. Nie nauczy\u0142 nas ani nut, ani gry na flecie, a przeciez\u0307 wszyscy sie\u0328 w podstaw\u00f3wce tego ucza\u0328. Raz pr\u00f3bowa\u0142am sama za\u015bpiewac\u0301 piosenke\u0328, mia\u0142am te\u017c wtedy jakis\u0301 uk\u0142ad choreograficzny. Pan od muzyki kaza\u0142 mi zostac\u0301 po lekcji. Powiedzia\u0142, \u017ce mam nie podnosic\u0301 r\u0105k do g\u00f3ry, bo mi sie\u0328 piersi odznaczaja\u0328 pod swetrem. A mia\u0142am wtedy jedena\u015bcie lat&#8230; M\u00f3j rozw\u00f3j muzyczny nie by\u0142 pocz\u0105tkowo kierowany przez m\u0105drych ludzi, musia\u0142am po prostu do pewnych rzeczy dojrzec\u0301 sama. Prze\u0142amac\u0301 w sobie wszystkie bariery i blokady. Wiadomo, \u017ce \u015bpiew jest szalenie intymn\u0105 czynno\u015bcia\u0328 i jakas\u0301 negatywna ocena na tym polu bardzo boli, co przek\u0142ada sie\u0328 na nasz\u0105 samoocene\u0328. Wydaje mi sie\u0328, \u017ce potrzebowa\u0142am przyzwolenia, szuka\u0142am kogos\u0301, kto da\u0142by mi prawo robic\u0301 to, co kocham. Ale z drugiej strony nikomu, kto mi to prawo dawa\u0142, nie wierzy\u0142am. Wi\u0119c musia\u0142am najpierw sama dac\u0301 sobie to prawo.&nbsp;&nbsp;<\/p>\n\n\n\n<p><strong>Czyli na twojej dalszej drodze wokalnej pojawi\u0142y sie\u0328 juz\u0307 osoby, kt\u00f3re powiedzia\u0142y: \u201eTak. \u015apiewaj. To jest dobry kierunek.\u201d?&nbsp;<\/strong>&nbsp;<\/p>\n\n\n\n<p>Pierwsz\u0105 tak\u0105 osob\u0105 by\u0142a moja mama, kt\u00f3ra kiedy mnie juz\u0307 wreszcie us\u0142ysza\u0142a, a us\u0142ysza\u0142a mnie, jak mia\u0142am jakies\u0301 pi\u0119tna\u015bcie lat, od razu zacz\u0119\u0142a mi szukac\u0301 zespo\u0142u. Potem trafi\u0142am na \u015bwietnego nauczyciela, Matta Burdynowskiego, kt\u00f3ry sta\u0142 sie\u0328 moim najlepszym przyjacielem. To on przeprowadzi\u0142 mnie przez najtrudniejsze pocz\u0105tki, to on wypu\u015bci\u0142 mnie na t\u0119 droge\u0328, na kt\u00f3rej jestem dzisiaj. Mimo \u017ce posz\u0142am do niego na pierwsz\u0105 lekcj\u0119 oczekuj\u0105c, \u017ce stanie sie\u0328 ostateczn\u0105 instancj\u0105, kt\u00f3ra zdecyduje za mnie &#8211; przekona mnie, \u017cebym sobie odpu\u015bci\u0142a, a ja faktycznie to zrobie\u0328 i przestan\u0119 cierpiec\u0301. Przestan\u0119 cierpiec\u0301, poniewaz\u0307 ta nieodwzajemniona, jak mi si\u0119 wydawa\u0142o, mi\u0142o\u015bc\u0301 do muzyki sta\u0142a sie\u0328 nie do zniesienia. Pragnienie \u015bpiewania by\u0142o we mnie ogromne, ale strach wcale nie mniejszy. &nbsp;<\/p>\n\n\n\n<p><strong>Dlaczego nie dawa\u0142as\u0301 sobie prawa do \u015bpiewania?&nbsp;<\/strong>&nbsp;<\/p>\n\n\n\n<p>Bardzo mocno zakorzeni\u0142o sie\u0328 we mnie przekonanie, \u017ce sie\u0328 nie nadaj\u0119, \u017ce sie\u0328 nie uczy\u0142am, poza tym przez lata by\u0142am zablokowana i w og\u00f3le nie \u015bpiewa\u0142am, nawet nie nuci\u0142am pod prysznicem. Chyba, \u017ce juz\u0307 faktycznie mia\u0142am pewno\u015bc\u0301, \u017ce nikogo nie ma w pobli\u017cu. Ale nie by\u0142o mowy o jakiej\u015b tam zmianie rejestru. W og\u00f3le nie wiedzia\u0142am, \u017ce istnieje co\u015b takiego. \u017by\u0142am w przekonaniu, \u017ce mam jakies\u0301 p\u00f3\u0142 oktawy i nawet <em>Wlaz\u0142 kotek na p\u0142otek <\/em>wydaje sie\u0328 zbyt wysoko. W tych psalmach na muzyce to w&nbsp;ko\u0144cu&nbsp;te\u017c tylko porusza\u0142am bezd\u017awi\u0119cznie ustami.&nbsp;Wszystkie te male\u0144kie pora\u017cki, \u017ce nie wyci\u0105ga\u0142am <em>Sto lat<\/em>, gdy wszyscy wyci\u0105gali, \u017ce hymnu nie mog\u0142am za\u015bpiewac\u0301, a wszyscy mogli, spowodowa\u0142y, \u017ce coraz g\u0142\u0119biej zasadza\u0142o sie\u0328 we mnie przekonanie, \u017ce zupe\u0142nie sie\u0328 do tego \u015bpiewania nie nadaj\u0119.&nbsp;<\/p>\n\n\n\n<p><strong>Posz\u0142as\u0301 do swojego pierwszego nauczyciela z takim nastawieniem. I jak to sie\u0328 sko\u0144czy\u0142o?&nbsp;<\/strong>&nbsp;<\/p>\n\n\n\n<p>Powiedzia\u0142, \u017ce mam sie\u0328 ogarn\u0105c\u0301, wzi\u0105c\u0301 sie\u0328 do roboty, nie narzekac\u0301, tylko \u015bpiewa\u0107, \u015bpiewa\u0107, \u015bpiewa\u0107. Tylko tyle i a\u017c&nbsp;tyle. Potem zabra\u0142 mnie na warsztaty jazzowe w Pu\u0142awach. Na koniec tych warsztat\u00f3w posz\u0142am do Bogdana Ho\u0142owni i pytam: \u201ePanie Bodziu, czy ja mam to dalej robic\u0301?\u201d. Pop\u0142aka\u0142am sie\u0328, a on mnie przytuli\u0142 i powiedzia\u0142: \u201eDziecko, po prostu r\u00f3b dalej to, co kochasz\u201d. Przez to, \u017ce najpierw dosta\u0142am sporo krytyki, potrzebowa\u0142am du\u017co wsparcia. Mo\u017ce by\u0142am za m\u0142oda, mo\u017ce zbyt niedojrza\u0142a, ale trudno mi by\u0142o znale\u017ac\u0301 pewno\u015bc\u0301 siebie. Wiele trzeba by\u0142o w sobie pokonac\u0301 l\u0119k\u00f3w. Ostatecznie przesz\u0142am t\u0119 droge\u0328, mimo \u017ce przez p\u00f3\u0142 \u017cycia my\u015bla\u0142am, \u017ce nie jest moja, a teraz ko\u0144cze\u0328 w\u0142a\u015bnie nagrywac\u0301 p\u0142yte\u0328.&nbsp;&nbsp;<\/p>\n\n\n\n<p><strong>Nigdy nie uczy\u0142as\u0301 sie\u0328 w szkole muzycznej. Nie \u017ca\u0142ujesz?&nbsp;<\/strong>&nbsp;<\/p>\n\n\n\n<p>Gdy by\u0142am w sz\u00f3stej klasie podstaw\u00f3wki, to pojawi\u0142 sie\u0328 taki pomys\u0142, \u017ce p\u00f3jde\u0328 do szko\u0142y&nbsp; muzycznej na saksofon. Bo przeciez\u0307 do \u015bpiewania sie\u0328 nie nadawa\u0142am. Sko\u0144czy\u0142o sie\u0328 tylko na pomy\u015ble. Sp\u00f3\u017anili\u015bmy sie\u0328 chyba z terminem sk\u0142adania papier\u00f3w, juz\u0307 nie pami\u0119tam. W ka\u017cdym razie p\u00f3\u017aniej nie wr\u00f3cili\u015bmy z rodzicami do tego tematu i odpu\u015bci\u0142am. Potem przyszed\u0142 taki moment, \u017ce zacz\u0119\u0142am tego \u017ca\u0142owac\u0301. Zastanawia\u0142am sie\u0328, gdzie bym by\u0142a, gdybym sko\u0144czy\u0142a t\u0119 szko\u0142e\u0328. Mo\u017ce inaczej potoczy\u0142oby sie\u0328 moje \u017cycie, wi\u0119cej bym potrafi\u0142a, nie mia\u0142abym syndromu oszusta i amatora, bo wiedzia\u0142abym, \u017ce jestem formalnie przygotowana do tego, \u017ceby wykonywac\u0301 zaw\u00f3d muzyka. Tak by\u0142o kiedys\u0301. Natomiast dzisiaj z perspektywy czasu nie \u017ca\u0142uje\u0328. Niewykluczone, \u017ce napisa\u0142abym materia\u0142 na p\u0142yte\u0328, ale na pewno nie taki &#8211; na pewno zupe\u0142nie inny. Kiedy pisa\u0142am, kierowa\u0142a mna\u0328 intuicja. Nie wiem, na ile by\u0142aby \u017cywa, gdybym osadzi\u0142a j\u0105 w formalnych ramach. Mo\u017ce by by\u0142a, a mo\u017ce nie. Po prostu nie wiem. Ponadto nie mam takiego poczucia, \u017ce wszystko musz\u0119 robic\u0301 sama. Pisz\u0119 tekst, melodi\u0119 i wiem, \u017ce w danym utworze ma grac\u0301 na przyk\u0142ad waltornia. Ale bardzo ceni\u0119 sobie wk\u0142ad niesamowitych muzyk\u00f3w, z kt\u00f3rymi mia\u0142am przyjemno\u015b\u0107 wsp\u00f3\u0142pracowa\u0107. A to, \u017ce ja z nimi cz\u0119sto nie rozmawiam j\u0119zykiem muzycznym, tylko j\u0119zykiem emocji, a mo\u017ce nawet j\u0119zykiem re\u017cyserskim, to ju\u017c inna kwestia. Kiedy\u015b przeczyta\u0142am gdzie\u015b takie zdanie&#8230; Chocia\u017c nie wiem, czy przeczyta\u0142am, mo\u017ce po prostu pad\u0142o w rozmowie z Alicj\u0105, moj\u0105 przyjaci\u00f3\u0142k\u0105 i muz\u0105: je\u015bli podoba ci si\u0119 miejsce, w kt\u00f3rym dzi\u015b jeste\u015b, to nie \u017ca\u0142uj drogi, kt\u00f3ra ci\u0119 do niego doprowadzi\u0142a. Wida\u0107 wszystko potoczy\u0142o si\u0119 dok\u0142adnie tak, jak mia\u0142o si\u0119 potoczy\u0107. &nbsp;<\/p>\n","protected":false},"excerpt":{"rendered":"<p>&#8211; rozmowa Anny Kami\u0144skiej z Patrycj\u0105 Obar\u0105 \u2013 wokalistk\u0105, songwriterk\u0105 i certyfikowan\u0105 Trenerk\u0105 wokaln\u0105 Modern Vocal Training, za\u0142o\u017cycielk\u0105 Wroc\u0142awskiej Szko\u0142y \u015apiewu\u00a0 Cz\u0119\u015b\u0107 pierwsza \u2013 wokalne pocz\u0105tki.&nbsp;(wywiad z zosta\u0142 przeprowadzony 11 lutego 2019 roku).&nbsp; Czy \u015bpiewac\u0301 ka\u017cdy mo\u017ce?\u00a0\u00a0 Oczywi\u015bcie. \u015apiew jest ruchem &#8211; czynno\u015bcia\u0328 motoryczn\u0105, czyli wykonywan\u0105 przez r\u00f3\u017cne struktury naszego cia\u0142a. Co oznacza r\u00f3wnie\u017c, \u017ce &hellip; <\/p>\n<p class=\"link-more\"><a href=\"https:\/\/wroclawskaszkolaspiewu.pl\/index.php\/2022\/12\/12\/o-spiewaniu-o-edukacji-o-milosci-o-poszukiwaniu-wywiad-anny-kaminskiej-z-patrycja-obara\/\" class=\"more-link\">Czytaj dalej<span class=\"screen-reader-text\"> \u201eO \u015bpiewaniu, o edukacji, o mi\u0142o\u015bci, o poszukiwaniu &#8211; wywiad Anny Kami\u0144skiej z Patrycj\u0105 Obar\u0105\u201d<\/span><\/a><\/p>\n","protected":false},"author":1,"featured_media":0,"comment_status":"open","ping_status":"open","sticky":false,"template":"","format":"standard","meta":{"footnotes":""},"categories":[8,42],"tags":[23,17],"_links":{"self":[{"href":"https:\/\/wroclawskaszkolaspiewu.pl\/index.php\/wp-json\/wp\/v2\/posts\/773"}],"collection":[{"href":"https:\/\/wroclawskaszkolaspiewu.pl\/index.php\/wp-json\/wp\/v2\/posts"}],"about":[{"href":"https:\/\/wroclawskaszkolaspiewu.pl\/index.php\/wp-json\/wp\/v2\/types\/post"}],"author":[{"embeddable":true,"href":"https:\/\/wroclawskaszkolaspiewu.pl\/index.php\/wp-json\/wp\/v2\/users\/1"}],"replies":[{"embeddable":true,"href":"https:\/\/wroclawskaszkolaspiewu.pl\/index.php\/wp-json\/wp\/v2\/comments?post=773"}],"version-history":[{"count":1,"href":"https:\/\/wroclawskaszkolaspiewu.pl\/index.php\/wp-json\/wp\/v2\/posts\/773\/revisions"}],"predecessor-version":[{"id":775,"href":"https:\/\/wroclawskaszkolaspiewu.pl\/index.php\/wp-json\/wp\/v2\/posts\/773\/revisions\/775"}],"wp:attachment":[{"href":"https:\/\/wroclawskaszkolaspiewu.pl\/index.php\/wp-json\/wp\/v2\/media?parent=773"}],"wp:term":[{"taxonomy":"category","embeddable":true,"href":"https:\/\/wroclawskaszkolaspiewu.pl\/index.php\/wp-json\/wp\/v2\/categories?post=773"},{"taxonomy":"post_tag","embeddable":true,"href":"https:\/\/wroclawskaszkolaspiewu.pl\/index.php\/wp-json\/wp\/v2\/tags?post=773"}],"curies":[{"name":"wp","href":"https:\/\/api.w.org\/{rel}","templated":true}]}}