{"id":597,"date":"2022-09-01T18:34:00","date_gmt":"2022-09-01T18:34:00","guid":{"rendered":"http:\/\/wroclawskaszkolaspiewu.pl\/?p=597"},"modified":"2022-08-18T21:36:03","modified_gmt":"2022-08-18T21:36:03","slug":"fundament-dobrego-wystapienia-czyli-jak-zadbac-o-glos","status":"publish","type":"post","link":"https:\/\/wroclawskaszkolaspiewu.pl\/index.php\/2022\/09\/01\/fundament-dobrego-wystapienia-czyli-jak-zadbac-o-glos\/","title":{"rendered":"Fundament dobrego wyst\u0105pienia, czyli jak zadba\u0107 o g\u0142os"},"content":{"rendered":"\n<figure class=\"wp-block-image size-large\"><img loading=\"lazy\" decoding=\"async\" width=\"707\" height=\"645\" src=\"http:\/\/wroclawskaszkolaspiewu.pl\/wp-content\/uploads\/2022\/08\/295067939_1041700396460949_3549975274255850980_n.png\" alt=\"\" class=\"wp-image-598\" srcset=\"https:\/\/wroclawskaszkolaspiewu.pl\/wp-content\/uploads\/2022\/08\/295067939_1041700396460949_3549975274255850980_n.png 707w, https:\/\/wroclawskaszkolaspiewu.pl\/wp-content\/uploads\/2022\/08\/295067939_1041700396460949_3549975274255850980_n-300x274.png 300w\" sizes=\"(max-width: 707px) 100vw, 707px\" \/><\/figure>\n\n\n\n<p>Patrycja Obara to nie tylko trenerka g\u0142osu w \u015bpiewie, ale i trenerka wyst\u0105pie\u0144 publicznych i wsp\u00f3\u0142prowadz\u0105ca podcast o przemawianiu Lekkom\u00f3wni.<\/p>\n\n\n\n<p>Lekkom\u00f3wni nie tylko m\u00f3wi\u0105, ale i pisz\u0105 od czasu do czasu co\u015b na swoim blogu. Tym razem jest to artyku\u0142 Patrycji na temat g\u0142osu i tego, jak o niego zadba\u0107, \u017ceby dobrze si\u0119 m\u00f3wi\u0142o.<\/p>\n\n\n\n<p>Jakie korzy\u015bci p\u0142yn\u0105 z treningu g\u0142osu? Co tak naprawd\u0119 sk\u0142ada si\u0119 na aparat mowy? Jak stres wp\u0142ywa na g\u0142os? Odpowiedzi na te pytania i kilka praktycznych wskaz\u00f3wek, kt\u00f3re pomog\u0105 Wam utrzyma\u0107 zdrowy g\u0142os, znajdziesz w artykule &#8211; niezale\u017cnie od tego, czy chcesz lepiej \u015bpiewa\u0107, czy m\u00f3wi\u0107 \u00a0<img loading=\"lazy\" decoding=\"async\" height=\"16\" width=\"16\" alt=\"?\" src=\"https:\/\/static.xx.fbcdn.net\/images\/emoji.php\/v9\/t7f\/1\/16\/1f60a.png\">.<\/p>\n\n\n\n<p><a href=\"https:\/\/lekkomowni.pl\/fundament-dobrego-wystapienia-czyli-jak-zadbac-o-glos\/\">https:\/\/lekkomowni.pl\/fundament-dobrego-wystapienia-czyli-jak-zadbac-o-glos\/<\/a><\/p>\n\n\n\n<p><\/p>\n","protected":false},"excerpt":{"rendered":"<p>Patrycja Obara to nie tylko trenerka g\u0142osu w \u015bpiewie, ale i trenerka wyst\u0105pie\u0144 publicznych i wsp\u00f3\u0142prowadz\u0105ca podcast o przemawianiu Lekkom\u00f3wni. Lekkom\u00f3wni nie tylko m\u00f3wi\u0105, ale i pisz\u0105 od czasu do czasu co\u015b na swoim blogu. Tym razem jest to artyku\u0142 Patrycji na temat g\u0142osu i tego, jak o niego zadba\u0107, \u017ceby dobrze si\u0119 m\u00f3wi\u0142o. Jakie &hellip; <\/p>\n<p class=\"link-more\"><a href=\"https:\/\/wroclawskaszkolaspiewu.pl\/index.php\/2022\/09\/01\/fundament-dobrego-wystapienia-czyli-jak-zadbac-o-glos\/\" class=\"more-link\">Czytaj dalej<span class=\"screen-reader-text\"> \u201eFundament dobrego wyst\u0105pienia, czyli jak zadba\u0107 o g\u0142os\u201d<\/span><\/a><\/p>\n","protected":false},"author":1,"featured_media":0,"comment_status":"open","ping_status":"open","sticky":false,"template":"","format":"standard","meta":{"footnotes":""},"categories":[9,33,42],"tags":[34,35,17,13,74],"_links":{"self":[{"href":"https:\/\/wroclawskaszkolaspiewu.pl\/index.php\/wp-json\/wp\/v2\/posts\/597"}],"collection":[{"href":"https:\/\/wroclawskaszkolaspiewu.pl\/index.php\/wp-json\/wp\/v2\/posts"}],"about":[{"href":"https:\/\/wroclawskaszkolaspiewu.pl\/index.php\/wp-json\/wp\/v2\/types\/post"}],"author":[{"embeddable":true,"href":"https:\/\/wroclawskaszkolaspiewu.pl\/index.php\/wp-json\/wp\/v2\/users\/1"}],"replies":[{"embeddable":true,"href":"https:\/\/wroclawskaszkolaspiewu.pl\/index.php\/wp-json\/wp\/v2\/comments?post=597"}],"version-history":[{"count":2,"href":"https:\/\/wroclawskaszkolaspiewu.pl\/index.php\/wp-json\/wp\/v2\/posts\/597\/revisions"}],"predecessor-version":[{"id":600,"href":"https:\/\/wroclawskaszkolaspiewu.pl\/index.php\/wp-json\/wp\/v2\/posts\/597\/revisions\/600"}],"wp:attachment":[{"href":"https:\/\/wroclawskaszkolaspiewu.pl\/index.php\/wp-json\/wp\/v2\/media?parent=597"}],"wp:term":[{"taxonomy":"category","embeddable":true,"href":"https:\/\/wroclawskaszkolaspiewu.pl\/index.php\/wp-json\/wp\/v2\/categories?post=597"},{"taxonomy":"post_tag","embeddable":true,"href":"https:\/\/wroclawskaszkolaspiewu.pl\/index.php\/wp-json\/wp\/v2\/tags?post=597"}],"curies":[{"name":"wp","href":"https:\/\/api.w.org\/{rel}","templated":true}]}}